{"id":378,"date":"2025-10-21T16:40:16","date_gmt":"2025-10-21T22:40:16","guid":{"rendered":"https:\/\/jesusalmanza.com\/?p=378"},"modified":"2026-02-24T15:29:32","modified_gmt":"2026-02-24T21:29:32","slug":"caf2026-embajadoraanairenedelgado","status":"publish","type":"post","link":"https:\/\/jesusalmanza.com\/en\/caf2026-embajadoraanairenedelgado\/","title":{"rendered":"CAF 2026 \/ Embajadora Ana Irene Delgado"},"content":{"rendered":"<p class=\"wp-block-paragraph\">La Embajadora Ana Irene Delgado, representante permanente de Panam\u00e1 ante la Organizaci\u00f3n de los Estados Americanos (OEA) y presidenta de la Comisi\u00f3n de Seguridad Hemisf\u00e9rica, tuvo una participaci\u00f3n destacada en el Foro Econ\u00f3mico Internacional Am\u00e9rica Latina y el Caribe 2026, organizado por CAF (banco de desarrollo de Am\u00e9rica Latina y el Caribe) en Ciudad de Panam\u00e1, los d\u00edas 28 y 29 de enero de 2026 (con actividades relacionadas hasta el 30).Su intervenci\u00f3n principal fue como ponente en el panel titulado \u201cSeguridad y Desarrollo ante el Desaf\u00edo de los Mercados Ilegales: Evidencia, Cooperaci\u00f3n y Acci\u00f3n Regional\u201d. En este espacio se analiz\u00f3 el impacto del crimen organizado transnacional y las econom\u00edas il\u00edcitas en la prosperidad regional, la inversi\u00f3n, la confianza institucional, la cohesi\u00f3n social y la gobernanza democr\u00e1tica. Se enfatiz\u00f3 la necesidad de enfoques basados en evidencia para dise\u00f1ar pol\u00edticas p\u00fablicas efectivas, fortalecer la cooperaci\u00f3n regional y promover acciones coordinadas.El panel cont\u00f3 con otros expertos como:<\/p>\n\n\n\n<ul class=\"wp-block-list\">\n<li>Fernando Carri\u00f3n<\/li>\n\n\n\n<li>\u00d3scar Naranjo<\/li>\n\n\n\n<li>Moderado por Luc\u00eda Dammert<\/li>\n<\/ul>\n\n\n\n<p class=\"wp-block-paragraph\"><\/p>\n\n\n\n<figure class=\"wp-block-gallery has-nested-images columns-default is-cropped wp-block-gallery-1 is-layout-flex wp-block-gallery-is-layout-flex\">\n<figure class=\"wp-block-image size-large\"><img fetchpriority=\"high\" decoding=\"async\" width=\"818\" height=\"1024\" data-id=\"413\" src=\"https:\/\/jesusalmanza.com\/wp-content\/uploads\/2025\/10\/photo_1_2026-02-06_15-17-45-818x1024.webp\" alt=\"\" class=\"wp-image-413\" srcset=\"https:\/\/jesusalmanza.com\/wp-content\/uploads\/2025\/10\/photo_1_2026-02-06_15-17-45-818x1024.webp 818w, https:\/\/jesusalmanza.com\/wp-content\/uploads\/2025\/10\/photo_1_2026-02-06_15-17-45-240x300.webp 240w, https:\/\/jesusalmanza.com\/wp-content\/uploads\/2025\/10\/photo_1_2026-02-06_15-17-45-768x961.webp 768w, https:\/\/jesusalmanza.com\/wp-content\/uploads\/2025\/10\/photo_1_2026-02-06_15-17-45-10x12.webp 10w, https:\/\/jesusalmanza.com\/wp-content\/uploads\/2025\/10\/photo_1_2026-02-06_15-17-45-scaled.webp 639w\" sizes=\"(max-width: 818px) 100vw, 818px\" \/><\/figure>\n\n\n\n<figure class=\"wp-block-image size-large\"><img decoding=\"async\" width=\"819\" height=\"1024\" data-id=\"415\" data-src=\"https:\/\/jesusalmanza.com\/wp-content\/uploads\/2025\/10\/photo_3_2026-02-06_15-17-45-819x1024.webp\" alt=\"\" class=\"wp-image-415 lazyload\" data-srcset=\"https:\/\/jesusalmanza.com\/wp-content\/uploads\/2025\/10\/photo_3_2026-02-06_15-17-45-819x1024.webp 819w, https:\/\/jesusalmanza.com\/wp-content\/uploads\/2025\/10\/photo_3_2026-02-06_15-17-45-240x300.webp 240w, https:\/\/jesusalmanza.com\/wp-content\/uploads\/2025\/10\/photo_3_2026-02-06_15-17-45-768x960.webp 768w, https:\/\/jesusalmanza.com\/wp-content\/uploads\/2025\/10\/photo_3_2026-02-06_15-17-45-10x12.webp 10w, https:\/\/jesusalmanza.com\/wp-content\/uploads\/2025\/10\/photo_3_2026-02-06_15-17-45-scaled.webp 640w\" data-sizes=\"(max-width: 819px) 100vw, 819px\" src=\"data:image\/svg+xml;base64,PHN2ZyB3aWR0aD0iMSIgaGVpZ2h0PSIxIiB4bWxucz0iaHR0cDovL3d3dy53My5vcmcvMjAwMC9zdmciPjwvc3ZnPg==\" style=\"--smush-placeholder-width: 819px; --smush-placeholder-aspect-ratio: 819\/1024;\" \/><\/figure>\n<\/figure>\n\n\n\n<figure class=\"wp-block-gallery has-nested-images columns-default is-cropped wp-block-gallery-2 is-layout-flex wp-block-gallery-is-layout-flex\">\n<figure class=\"wp-block-image size-large\"><img decoding=\"async\" width=\"768\" height=\"1024\" data-id=\"418\" data-src=\"https:\/\/jesusalmanza.com\/wp-content\/uploads\/2025\/10\/photo_3_2026-02-06_15-33-25-768x1024.webp\" alt=\"\" class=\"wp-image-418 lazyload\" data-srcset=\"https:\/\/jesusalmanza.com\/wp-content\/uploads\/2025\/10\/photo_3_2026-02-06_15-33-25-768x1024.webp 768w, https:\/\/jesusalmanza.com\/wp-content\/uploads\/2025\/10\/photo_3_2026-02-06_15-33-25-225x300.webp 225w, https:\/\/jesusalmanza.com\/wp-content\/uploads\/2025\/10\/photo_3_2026-02-06_15-33-25-9x12.webp 9w, https:\/\/jesusalmanza.com\/wp-content\/uploads\/2025\/10\/photo_3_2026-02-06_15-33-25-scaled.webp 600w\" data-sizes=\"(max-width: 768px) 100vw, 768px\" src=\"data:image\/svg+xml;base64,PHN2ZyB3aWR0aD0iMSIgaGVpZ2h0PSIxIiB4bWxucz0iaHR0cDovL3d3dy53My5vcmcvMjAwMC9zdmciPjwvc3ZnPg==\" style=\"--smush-placeholder-width: 768px; --smush-placeholder-aspect-ratio: 768\/1024;\" \/><\/figure>\n\n\n\n<figure class=\"wp-block-image size-large\"><img decoding=\"async\" width=\"768\" height=\"1024\" data-id=\"421\" data-src=\"https:\/\/jesusalmanza.com\/wp-content\/uploads\/2025\/10\/photo_4_2026-02-06_15-33-25-768x1024.webp\" alt=\"\" class=\"wp-image-421 lazyload\" data-srcset=\"https:\/\/jesusalmanza.com\/wp-content\/uploads\/2025\/10\/photo_4_2026-02-06_15-33-25-768x1024.webp 768w, https:\/\/jesusalmanza.com\/wp-content\/uploads\/2025\/10\/photo_4_2026-02-06_15-33-25-225x300.webp 225w, https:\/\/jesusalmanza.com\/wp-content\/uploads\/2025\/10\/photo_4_2026-02-06_15-33-25-9x12.webp 9w, https:\/\/jesusalmanza.com\/wp-content\/uploads\/2025\/10\/photo_4_2026-02-06_15-33-25-scaled.webp 600w\" data-sizes=\"(max-width: 768px) 100vw, 768px\" src=\"data:image\/svg+xml;base64,PHN2ZyB3aWR0aD0iMSIgaGVpZ2h0PSIxIiB4bWxucz0iaHR0cDovL3d3dy53My5vcmcvMjAwMC9zdmciPjwvc3ZnPg==\" style=\"--smush-placeholder-width: 768px; --smush-placeholder-aspect-ratio: 768\/1024;\" \/><\/figure>\n<\/figure>\n\n\n\n<figure class=\"wp-block-gallery has-nested-images columns-default is-cropped wp-block-gallery-3 is-layout-flex wp-block-gallery-is-layout-flex\"><\/figure>","protected":false},"excerpt":{"rendered":"<p>La Embajadora Ana Irene Delgado, representante permanente de Panam\u00e1 ante la Organizaci\u00f3n de los Estados Americanos (OEA) y presidenta de la Comisi\u00f3n de Seguridad Hemisf\u00e9rica, tuvo una participaci\u00f3n destacada en el Foro Econ\u00f3mico Internacional Am\u00e9rica Latina y el Caribe 2026, organizado por CAF (banco de desarrollo de Am\u00e9rica Latina y el Caribe) en Ciudad de [&hellip;]<\/p>\n","protected":false},"author":1,"featured_media":410,"comment_status":"closed","ping_status":"closed","sticky":false,"template":"","format":"standard","meta":{"footnotes":""},"categories":[15],"tags":[],"class_list":["post-378","post","type-post","status-publish","format-standard","has-post-thumbnail","hentry","category-foro"],"yoast_head":"<!-- This site is optimized with the Yoast SEO plugin v28.2 - https:\/\/yoast.com\/product\/yoast-seo-wordpress\/ -->\n<title>CAF 2026 \/ Embajadora Ana Irene Delgado - Jes\u00fas Almanza<\/title>\n<meta name=\"robots\" content=\"index, follow, max-snippet:-1, max-image-preview:large, max-video-preview:-1\" \/>\n<link rel=\"canonical\" href=\"https:\/\/jesusalmanza.com\/en\/caf2026-embajadoraanairenedelgado\/\" \/>\n<meta property=\"og:locale\" content=\"en_US\" \/>\n<meta property=\"og:type\" content=\"article\" \/>\n<meta property=\"og:title\" content=\"CAF 2026 \/ Embajadora Ana Irene Delgado - Jes\u00fas Almanza\" \/>\n<meta property=\"og:description\" content=\"La Embajadora Ana Irene Delgado, representante permanente de Panam\u00e1 ante la Organizaci\u00f3n de los Estados Americanos (OEA) y presidenta de la Comisi\u00f3n de Seguridad Hemisf\u00e9rica, tuvo una participaci\u00f3n destacada en el Foro Econ\u00f3mico Internacional Am\u00e9rica Latina y el Caribe 2026, organizado por CAF (banco de desarrollo de Am\u00e9rica Latina y el Caribe) en Ciudad de [&hellip;]\" \/>\n<meta property=\"og:url\" content=\"https:\/\/jesusalmanza.com\/en\/caf2026-embajadoraanairenedelgado\/\" \/>\n<meta property=\"og:site_name\" content=\"Jes\u00fas Almanza\" \/>\n<meta property=\"article:published_time\" content=\"2025-10-21T22:40:16+00:00\" \/>\n<meta property=\"article:modified_time\" content=\"2026-02-24T21:29:32+00:00\" \/>\n<meta property=\"og:image\" content=\"https:\/\/jesusalmanza.com\/wp-content\/uploads\/2025\/10\/photo_2026-02-06_15-04-18-scaled.webp\" \/>\n\t<meta property=\"og:image:width\" content=\"600\" \/>\n\t<meta property=\"og:image:height\" content=\"800\" \/>\n\t<meta property=\"og:image:type\" content=\"image\/webp\" \/>\n<meta name=\"author\" content=\"weego\" \/>\n<meta name=\"twitter:card\" content=\"summary_large_image\" \/>\n<meta name=\"twitter:label1\" content=\"Written by\" \/>\n\t<meta name=\"twitter:data1\" content=\"weego\" \/>\n\t<meta name=\"twitter:label2\" content=\"Est. reading time\" \/>\n\t<meta name=\"twitter:data2\" content=\"2 minutes\" \/>\n<script type=\"application\/ld+json\" class=\"yoast-schema-graph\">{\"@context\":\"https:\\\/\\\/schema.org\",\"@graph\":[{\"@type\":\"Article\",\"@id\":\"https:\\\/\\\/jesusalmanza.com\\\/caf2026-embajadoraanairenedelgado\\\/#article\",\"isPartOf\":{\"@id\":\"https:\\\/\\\/jesusalmanza.com\\\/caf2026-embajadoraanairenedelgado\\\/\"},\"author\":{\"name\":\"weego\",\"@id\":\"https:\\\/\\\/jesusalmanza.com\\\/#\\\/schema\\\/person\\\/f861deb1bd712e7c1ff44e3cc9e0120e\"},\"headline\":\"CAF 2026 \\\/ Embajadora Ana Irene Delgado\",\"datePublished\":\"2025-10-21T22:40:16+00:00\",\"dateModified\":\"2026-02-24T21:29:32+00:00\",\"mainEntityOfPage\":{\"@id\":\"https:\\\/\\\/jesusalmanza.com\\\/caf2026-embajadoraanairenedelgado\\\/\"},\"wordCount\":187,\"publisher\":{\"@id\":\"https:\\\/\\\/jesusalmanza.com\\\/#organization\"},\"image\":{\"@id\":\"https:\\\/\\\/jesusalmanza.com\\\/caf2026-embajadoraanairenedelgado\\\/#primaryimage\"},\"thumbnailUrl\":\"https:\\\/\\\/jesusalmanza.com\\\/wp-content\\\/uploads\\\/2025\\\/10\\\/photo_2026-02-06_15-04-18-scaled.webp\",\"articleSection\":[\"Foro\"],\"inLanguage\":\"en-US\"},{\"@type\":\"WebPage\",\"@id\":\"https:\\\/\\\/jesusalmanza.com\\\/caf2026-embajadoraanairenedelgado\\\/\",\"url\":\"https:\\\/\\\/jesusalmanza.com\\\/caf2026-embajadoraanairenedelgado\\\/\",\"name\":\"CAF 2026 \\\/ Embajadora Ana Irene Delgado - Jes\u00fas Almanza\",\"isPartOf\":{\"@id\":\"https:\\\/\\\/jesusalmanza.com\\\/#website\"},\"primaryImageOfPage\":{\"@id\":\"https:\\\/\\\/jesusalmanza.com\\\/caf2026-embajadoraanairenedelgado\\\/#primaryimage\"},\"image\":{\"@id\":\"https:\\\/\\\/jesusalmanza.com\\\/caf2026-embajadoraanairenedelgado\\\/#primaryimage\"},\"thumbnailUrl\":\"https:\\\/\\\/jesusalmanza.com\\\/wp-content\\\/uploads\\\/2025\\\/10\\\/photo_2026-02-06_15-04-18-scaled.webp\",\"datePublished\":\"2025-10-21T22:40:16+00:00\",\"dateModified\":\"2026-02-24T21:29:32+00:00\",\"breadcrumb\":{\"@id\":\"https:\\\/\\\/jesusalmanza.com\\\/caf2026-embajadoraanairenedelgado\\\/#breadcrumb\"},\"inLanguage\":\"en-US\",\"potentialAction\":[{\"@type\":\"ReadAction\",\"target\":[\"https:\\\/\\\/jesusalmanza.com\\\/caf2026-embajadoraanairenedelgado\\\/\"]}]},{\"@type\":\"ImageObject\",\"inLanguage\":\"en-US\",\"@id\":\"https:\\\/\\\/jesusalmanza.com\\\/caf2026-embajadoraanairenedelgado\\\/#primaryimage\",\"url\":\"https:\\\/\\\/jesusalmanza.com\\\/wp-content\\\/uploads\\\/2025\\\/10\\\/photo_2026-02-06_15-04-18-scaled.webp\",\"contentUrl\":\"https:\\\/\\\/jesusalmanza.com\\\/wp-content\\\/uploads\\\/2025\\\/10\\\/photo_2026-02-06_15-04-18-scaled.webp\",\"width\":600,\"height\":800},{\"@type\":\"BreadcrumbList\",\"@id\":\"https:\\\/\\\/jesusalmanza.com\\\/caf2026-embajadoraanairenedelgado\\\/#breadcrumb\",\"itemListElement\":[{\"@type\":\"ListItem\",\"position\":1,\"name\":\"Portada\",\"item\":\"https:\\\/\\\/jesusalmanza.com\\\/\"},{\"@type\":\"ListItem\",\"position\":2,\"name\":\"CAF 2026 \\\/ Embajadora Ana Irene Delgado\"}]},{\"@type\":\"WebSite\",\"@id\":\"https:\\\/\\\/jesusalmanza.com\\\/#website\",\"url\":\"https:\\\/\\\/jesusalmanza.com\\\/\",\"name\":\"Jes\u00fas Almanza\",\"description\":\"Fotograf\u00eda\",\"publisher\":{\"@id\":\"https:\\\/\\\/jesusalmanza.com\\\/#organization\"},\"potentialAction\":[{\"@type\":\"SearchAction\",\"target\":{\"@type\":\"EntryPoint\",\"urlTemplate\":\"https:\\\/\\\/jesusalmanza.com\\\/?s={search_term_string}\"},\"query-input\":{\"@type\":\"PropertyValueSpecification\",\"valueRequired\":true,\"valueName\":\"search_term_string\"}}],\"inLanguage\":\"en-US\"},{\"@type\":\"Organization\",\"@id\":\"https:\\\/\\\/jesusalmanza.com\\\/#organization\",\"name\":\"Jes\u00fas Almanza\",\"url\":\"https:\\\/\\\/jesusalmanza.com\\\/\",\"logo\":{\"@type\":\"ImageObject\",\"inLanguage\":\"en-US\",\"@id\":\"https:\\\/\\\/jesusalmanza.com\\\/#\\\/schema\\\/logo\\\/image\\\/\",\"url\":\"https:\\\/\\\/jesusalmanza.com\\\/wp-content\\\/uploads\\\/2025\\\/10\\\/JesusA_logo.webp\",\"contentUrl\":\"https:\\\/\\\/jesusalmanza.com\\\/wp-content\\\/uploads\\\/2025\\\/10\\\/JesusA_logo.webp\",\"width\":400,\"height\":63,\"caption\":\"Jes\u00fas Almanza\"},\"image\":{\"@id\":\"https:\\\/\\\/jesusalmanza.com\\\/#\\\/schema\\\/logo\\\/image\\\/\"}},{\"@type\":\"Person\",\"@id\":\"https:\\\/\\\/jesusalmanza.com\\\/#\\\/schema\\\/person\\\/f861deb1bd712e7c1ff44e3cc9e0120e\",\"name\":\"weego\",\"sameAs\":[\"https:\\\/\\\/jesusalmanza.com\"],\"url\":\"https:\\\/\\\/jesusalmanza.com\\\/en\\\/author\\\/weego\\\/\"}]}<\/script>\n<!-- \/ Yoast SEO plugin. -->","yoast_head_json":{"title":"CAF 2026 \/ Embajadora Ana Irene Delgado - Jes\u00fas Almanza","robots":{"index":"index","follow":"follow","max-snippet":"max-snippet:-1","max-image-preview":"max-image-preview:large","max-video-preview":"max-video-preview:-1"},"canonical":"https:\/\/jesusalmanza.com\/en\/caf2026-embajadoraanairenedelgado\/","og_locale":"en_US","og_type":"article","og_title":"CAF 2026 \/ Embajadora Ana Irene Delgado - Jes\u00fas Almanza","og_description":"La Embajadora Ana Irene Delgado, representante permanente de Panam\u00e1 ante la Organizaci\u00f3n de los Estados Americanos (OEA) y presidenta de la Comisi\u00f3n de Seguridad Hemisf\u00e9rica, tuvo una participaci\u00f3n destacada en el Foro Econ\u00f3mico Internacional Am\u00e9rica Latina y el Caribe 2026, organizado por CAF (banco de desarrollo de Am\u00e9rica Latina y el Caribe) en Ciudad de [&hellip;]","og_url":"https:\/\/jesusalmanza.com\/en\/caf2026-embajadoraanairenedelgado\/","og_site_name":"Jes\u00fas Almanza","article_published_time":"2025-10-21T22:40:16+00:00","article_modified_time":"2026-02-24T21:29:32+00:00","og_image":[{"width":600,"height":800,"url":"https:\/\/jesusalmanza.com\/wp-content\/uploads\/2025\/10\/photo_2026-02-06_15-04-18-scaled.webp","type":"image\/webp"}],"author":"weego","twitter_card":"summary_large_image","twitter_misc":{"Written by":"weego","Est. reading time":"2 minutes"},"schema":{"@context":"https:\/\/schema.org","@graph":[{"@type":"Article","@id":"https:\/\/jesusalmanza.com\/caf2026-embajadoraanairenedelgado\/#article","isPartOf":{"@id":"https:\/\/jesusalmanza.com\/caf2026-embajadoraanairenedelgado\/"},"author":{"name":"weego","@id":"https:\/\/jesusalmanza.com\/#\/schema\/person\/f861deb1bd712e7c1ff44e3cc9e0120e"},"headline":"CAF 2026 \/ Embajadora Ana Irene Delgado","datePublished":"2025-10-21T22:40:16+00:00","dateModified":"2026-02-24T21:29:32+00:00","mainEntityOfPage":{"@id":"https:\/\/jesusalmanza.com\/caf2026-embajadoraanairenedelgado\/"},"wordCount":187,"publisher":{"@id":"https:\/\/jesusalmanza.com\/#organization"},"image":{"@id":"https:\/\/jesusalmanza.com\/caf2026-embajadoraanairenedelgado\/#primaryimage"},"thumbnailUrl":"https:\/\/jesusalmanza.com\/wp-content\/uploads\/2025\/10\/photo_2026-02-06_15-04-18-scaled.webp","articleSection":["Foro"],"inLanguage":"en-US"},{"@type":"WebPage","@id":"https:\/\/jesusalmanza.com\/caf2026-embajadoraanairenedelgado\/","url":"https:\/\/jesusalmanza.com\/caf2026-embajadoraanairenedelgado\/","name":"CAF 2026 \/ Embajadora Ana Irene Delgado - Jes\u00fas Almanza","isPartOf":{"@id":"https:\/\/jesusalmanza.com\/#website"},"primaryImageOfPage":{"@id":"https:\/\/jesusalmanza.com\/caf2026-embajadoraanairenedelgado\/#primaryimage"},"image":{"@id":"https:\/\/jesusalmanza.com\/caf2026-embajadoraanairenedelgado\/#primaryimage"},"thumbnailUrl":"https:\/\/jesusalmanza.com\/wp-content\/uploads\/2025\/10\/photo_2026-02-06_15-04-18-scaled.webp","datePublished":"2025-10-21T22:40:16+00:00","dateModified":"2026-02-24T21:29:32+00:00","breadcrumb":{"@id":"https:\/\/jesusalmanza.com\/caf2026-embajadoraanairenedelgado\/#breadcrumb"},"inLanguage":"en-US","potentialAction":[{"@type":"ReadAction","target":["https:\/\/jesusalmanza.com\/caf2026-embajadoraanairenedelgado\/"]}]},{"@type":"ImageObject","inLanguage":"en-US","@id":"https:\/\/jesusalmanza.com\/caf2026-embajadoraanairenedelgado\/#primaryimage","url":"https:\/\/jesusalmanza.com\/wp-content\/uploads\/2025\/10\/photo_2026-02-06_15-04-18-scaled.webp","contentUrl":"https:\/\/jesusalmanza.com\/wp-content\/uploads\/2025\/10\/photo_2026-02-06_15-04-18-scaled.webp","width":600,"height":800},{"@type":"BreadcrumbList","@id":"https:\/\/jesusalmanza.com\/caf2026-embajadoraanairenedelgado\/#breadcrumb","itemListElement":[{"@type":"ListItem","position":1,"name":"Portada","item":"https:\/\/jesusalmanza.com\/"},{"@type":"ListItem","position":2,"name":"CAF 2026 \/ Embajadora Ana Irene Delgado"}]},{"@type":"WebSite","@id":"https:\/\/jesusalmanza.com\/#website","url":"https:\/\/jesusalmanza.com\/","name":"Jesus Almanza","description":"Photography","publisher":{"@id":"https:\/\/jesusalmanza.com\/#organization"},"potentialAction":[{"@type":"SearchAction","target":{"@type":"EntryPoint","urlTemplate":"https:\/\/jesusalmanza.com\/?s={search_term_string}"},"query-input":{"@type":"PropertyValueSpecification","valueRequired":true,"valueName":"search_term_string"}}],"inLanguage":"en-US"},{"@type":"Organization","@id":"https:\/\/jesusalmanza.com\/#organization","name":"Jesus Almanza","url":"https:\/\/jesusalmanza.com\/","logo":{"@type":"ImageObject","inLanguage":"en-US","@id":"https:\/\/jesusalmanza.com\/#\/schema\/logo\/image\/","url":"https:\/\/jesusalmanza.com\/wp-content\/uploads\/2025\/10\/JesusA_logo.webp","contentUrl":"https:\/\/jesusalmanza.com\/wp-content\/uploads\/2025\/10\/JesusA_logo.webp","width":400,"height":63,"caption":"Jes\u00fas Almanza"},"image":{"@id":"https:\/\/jesusalmanza.com\/#\/schema\/logo\/image\/"}},{"@type":"Person","@id":"https:\/\/jesusalmanza.com\/#\/schema\/person\/f861deb1bd712e7c1ff44e3cc9e0120e","name":"weego","sameAs":["https:\/\/jesusalmanza.com"],"url":"https:\/\/jesusalmanza.com\/en\/author\/weego\/"}]}},"_links":{"self":[{"href":"https:\/\/jesusalmanza.com\/en\/wp-json\/wp\/v2\/posts\/378","targetHints":{"allow":["GET"]}}],"collection":[{"href":"https:\/\/jesusalmanza.com\/en\/wp-json\/wp\/v2\/posts"}],"about":[{"href":"https:\/\/jesusalmanza.com\/en\/wp-json\/wp\/v2\/types\/post"}],"author":[{"embeddable":true,"href":"https:\/\/jesusalmanza.com\/en\/wp-json\/wp\/v2\/users\/1"}],"replies":[{"embeddable":true,"href":"https:\/\/jesusalmanza.com\/en\/wp-json\/wp\/v2\/comments?post=378"}],"version-history":[{"count":5,"href":"https:\/\/jesusalmanza.com\/en\/wp-json\/wp\/v2\/posts\/378\/revisions"}],"predecessor-version":[{"id":465,"href":"https:\/\/jesusalmanza.com\/en\/wp-json\/wp\/v2\/posts\/378\/revisions\/465"}],"wp:featuredmedia":[{"embeddable":true,"href":"https:\/\/jesusalmanza.com\/en\/wp-json\/wp\/v2\/media\/410"}],"wp:attachment":[{"href":"https:\/\/jesusalmanza.com\/en\/wp-json\/wp\/v2\/media?parent=378"}],"wp:term":[{"taxonomy":"category","embeddable":true,"href":"https:\/\/jesusalmanza.com\/en\/wp-json\/wp\/v2\/categories?post=378"},{"taxonomy":"post_tag","embeddable":true,"href":"https:\/\/jesusalmanza.com\/en\/wp-json\/wp\/v2\/tags?post=378"}],"curies":[{"name":"wp","href":"https:\/\/api.w.org\/{rel}","templated":true}]}}