{"id":221,"date":"2025-10-18T07:32:53","date_gmt":"2025-10-18T13:32:53","guid":{"rendered":"https:\/\/jesusalmanza.com\/?p=221"},"modified":"2026-02-24T15:38:43","modified_gmt":"2026-02-24T21:38:43","slug":"rey-de-bahrein-hamad-bin-isa-al-khalifa","status":"publish","type":"post","link":"https:\/\/jesusalmanza.com\/en\/rey-de-bahrein-hamad-bin-isa-al-khalifa\/","title":{"rendered":"Rey de Bahr\u00e9in , Hamad bin Isa Al Khalifa"},"content":{"rendered":"<p class=\"wp-block-paragraph\">Recepci\u00f3n ofrecida por The Katherine Reynolds Foundation en honor a Su Majestad el Rey de Bahr\u00e9in , Hamad bin Isa Al Khalifa, evento que reuni\u00f3 a Jefes de Estado del Golfo y pa\u00edses miembros del Board of Peace, en una noche de di\u00e1logo y compromiso con la cooperaci\u00f3n internacional.<\/p>\n\n\n\n<p class=\"wp-block-paragraph\">Durante el encuentro estuvieron presentes altas autoridades y l\u00edderes internacionales, entre ellos representantes de la Casa Blanca como Jarod Kushner, Steve Witkoff, Paolo Zampolli, el Secretario Howard Lutnick, el Presidente del EXIM Bank, y el Secretario Marco Rubio.<\/p>\n\n\n\n<p class=\"wp-block-paragraph\">Asimismo, participaron el Primer Ministro de Qatar, el Presidente de Kazajist\u00e1n, el Presidente de Uzbekist\u00e1n, el Primer Ministro de Albania, el Presidente del Banco Mundial, el ex Primer Ministro del Reino Unido Tony Blair, el Ministro de Arabia Saudita, el Ministro de Kuwait y el Primer Ministro de Emiratos \u00c1rabes Unidos.<\/p>\n\n\n\n<figure class=\"wp-block-gallery has-nested-images columns-default is-cropped wp-block-gallery-1 is-layout-flex wp-block-gallery-is-layout-flex\">\n<figure class=\"wp-block-image size-large\"><img fetchpriority=\"high\" decoding=\"async\" width=\"768\" height=\"1024\" data-id=\"469\" src=\"https:\/\/jesusalmanza.com\/wp-content\/uploads\/2025\/10\/photo_1_2026-02-24_12-15-19-768x1024.webp\" alt=\"\" class=\"wp-image-469\" srcset=\"https:\/\/jesusalmanza.com\/wp-content\/uploads\/2025\/10\/photo_1_2026-02-24_12-15-19-768x1024.webp 768w, https:\/\/jesusalmanza.com\/wp-content\/uploads\/2025\/10\/photo_1_2026-02-24_12-15-19-225x300.webp 225w, https:\/\/jesusalmanza.com\/wp-content\/uploads\/2025\/10\/photo_1_2026-02-24_12-15-19-9x12.webp 9w, https:\/\/jesusalmanza.com\/wp-content\/uploads\/2025\/10\/photo_1_2026-02-24_12-15-19-scaled.webp 600w\" sizes=\"(max-width: 768px) 100vw, 768px\" \/><\/figure>\n\n\n\n<figure class=\"wp-block-image size-large\"><img decoding=\"async\" width=\"768\" height=\"1024\" data-id=\"470\" data-src=\"https:\/\/jesusalmanza.com\/wp-content\/uploads\/2025\/10\/photo_2_2026-02-24_12-15-19-768x1024.webp\" alt=\"\" class=\"wp-image-470 lazyload\" data-srcset=\"https:\/\/jesusalmanza.com\/wp-content\/uploads\/2025\/10\/photo_2_2026-02-24_12-15-19-768x1024.webp 768w, https:\/\/jesusalmanza.com\/wp-content\/uploads\/2025\/10\/photo_2_2026-02-24_12-15-19-225x300.webp 225w, https:\/\/jesusalmanza.com\/wp-content\/uploads\/2025\/10\/photo_2_2026-02-24_12-15-19-9x12.webp 9w, https:\/\/jesusalmanza.com\/wp-content\/uploads\/2025\/10\/photo_2_2026-02-24_12-15-19-scaled.webp 600w\" data-sizes=\"(max-width: 768px) 100vw, 768px\" src=\"data:image\/svg+xml;base64,PHN2ZyB3aWR0aD0iMSIgaGVpZ2h0PSIxIiB4bWxucz0iaHR0cDovL3d3dy53My5vcmcvMjAwMC9zdmciPjwvc3ZnPg==\" style=\"--smush-placeholder-width: 768px; --smush-placeholder-aspect-ratio: 768\/1024;\" \/><\/figure>\n\n\n\n<figure class=\"wp-block-image size-large\"><img decoding=\"async\" width=\"819\" height=\"1024\" data-id=\"472\" data-src=\"https:\/\/jesusalmanza.com\/wp-content\/uploads\/2025\/10\/photo_3_2026-02-24_12-15-19-819x1024.webp\" alt=\"\" class=\"wp-image-472 lazyload\" data-srcset=\"https:\/\/jesusalmanza.com\/wp-content\/uploads\/2025\/10\/photo_3_2026-02-24_12-15-19-819x1024.webp 819w, https:\/\/jesusalmanza.com\/wp-content\/uploads\/2025\/10\/photo_3_2026-02-24_12-15-19-240x300.webp 240w, https:\/\/jesusalmanza.com\/wp-content\/uploads\/2025\/10\/photo_3_2026-02-24_12-15-19-768x960.webp 768w, https:\/\/jesusalmanza.com\/wp-content\/uploads\/2025\/10\/photo_3_2026-02-24_12-15-19-10x12.webp 10w, https:\/\/jesusalmanza.com\/wp-content\/uploads\/2025\/10\/photo_3_2026-02-24_12-15-19-scaled.webp 640w\" data-sizes=\"(max-width: 819px) 100vw, 819px\" src=\"data:image\/svg+xml;base64,PHN2ZyB3aWR0aD0iMSIgaGVpZ2h0PSIxIiB4bWxucz0iaHR0cDovL3d3dy53My5vcmcvMjAwMC9zdmciPjwvc3ZnPg==\" style=\"--smush-placeholder-width: 819px; --smush-placeholder-aspect-ratio: 819\/1024;\" \/><\/figure>\n\n\n\n<figure class=\"wp-block-image size-large\"><img decoding=\"async\" width=\"767\" height=\"1024\" data-id=\"471\" data-src=\"https:\/\/jesusalmanza.com\/wp-content\/uploads\/2025\/10\/photo_4_2026-02-24_12-15-19-767x1024.webp\" alt=\"\" class=\"wp-image-471 lazyload\" data-srcset=\"https:\/\/jesusalmanza.com\/wp-content\/uploads\/2025\/10\/photo_4_2026-02-24_12-15-19-767x1024.webp 767w, https:\/\/jesusalmanza.com\/wp-content\/uploads\/2025\/10\/photo_4_2026-02-24_12-15-19-225x300.webp 225w, https:\/\/jesusalmanza.com\/wp-content\/uploads\/2025\/10\/photo_4_2026-02-24_12-15-19-768x1025.webp 768w, https:\/\/jesusalmanza.com\/wp-content\/uploads\/2025\/10\/photo_4_2026-02-24_12-15-19-9x12.webp 9w, https:\/\/jesusalmanza.com\/wp-content\/uploads\/2025\/10\/photo_4_2026-02-24_12-15-19-scaled.webp 599w\" data-sizes=\"(max-width: 767px) 100vw, 767px\" src=\"data:image\/svg+xml;base64,PHN2ZyB3aWR0aD0iMSIgaGVpZ2h0PSIxIiB4bWxucz0iaHR0cDovL3d3dy53My5vcmcvMjAwMC9zdmciPjwvc3ZnPg==\" style=\"--smush-placeholder-width: 767px; --smush-placeholder-aspect-ratio: 767\/1024;\" \/><\/figure>\n\n\n\n<figure class=\"wp-block-image size-large\"><img decoding=\"async\" width=\"768\" height=\"1024\" data-id=\"473\" data-src=\"https:\/\/jesusalmanza.com\/wp-content\/uploads\/2025\/10\/photo_5_2026-02-24_12-15-19-1-768x1024.webp\" alt=\"\" class=\"wp-image-473 lazyload\" data-srcset=\"https:\/\/jesusalmanza.com\/wp-content\/uploads\/2025\/10\/photo_5_2026-02-24_12-15-19-1-768x1024.webp 768w, https:\/\/jesusalmanza.com\/wp-content\/uploads\/2025\/10\/photo_5_2026-02-24_12-15-19-1-225x300.webp 225w, https:\/\/jesusalmanza.com\/wp-content\/uploads\/2025\/10\/photo_5_2026-02-24_12-15-19-1-9x12.webp 9w, https:\/\/jesusalmanza.com\/wp-content\/uploads\/2025\/10\/photo_5_2026-02-24_12-15-19-1-scaled.webp 600w\" data-sizes=\"(max-width: 768px) 100vw, 768px\" src=\"data:image\/svg+xml;base64,PHN2ZyB3aWR0aD0iMSIgaGVpZ2h0PSIxIiB4bWxucz0iaHR0cDovL3d3dy53My5vcmcvMjAwMC9zdmciPjwvc3ZnPg==\" style=\"--smush-placeholder-width: 768px; --smush-placeholder-aspect-ratio: 768\/1024;\" \/><\/figure>\n\n\n\n<figure class=\"wp-block-image size-large\"><img decoding=\"async\" width=\"820\" height=\"1024\" data-id=\"474\" data-src=\"https:\/\/jesusalmanza.com\/wp-content\/uploads\/2025\/10\/FacePic_20260224_121417901-820x1024.webp\" alt=\"\" class=\"wp-image-474 lazyload\" data-srcset=\"https:\/\/jesusalmanza.com\/wp-content\/uploads\/2025\/10\/FacePic_20260224_121417901-820x1024.webp 820w, https:\/\/jesusalmanza.com\/wp-content\/uploads\/2025\/10\/FacePic_20260224_121417901-240x300.webp 240w, https:\/\/jesusalmanza.com\/wp-content\/uploads\/2025\/10\/FacePic_20260224_121417901-768x960.webp 768w, https:\/\/jesusalmanza.com\/wp-content\/uploads\/2025\/10\/FacePic_20260224_121417901-1229x1536.webp 1229w, https:\/\/jesusalmanza.com\/wp-content\/uploads\/2025\/10\/FacePic_20260224_121417901-10x12.webp 10w, https:\/\/jesusalmanza.com\/wp-content\/uploads\/2025\/10\/FacePic_20260224_121417901-scaled.webp 640w\" data-sizes=\"(max-width: 820px) 100vw, 820px\" src=\"data:image\/svg+xml;base64,PHN2ZyB3aWR0aD0iMSIgaGVpZ2h0PSIxIiB4bWxucz0iaHR0cDovL3d3dy53My5vcmcvMjAwMC9zdmciPjwvc3ZnPg==\" style=\"--smush-placeholder-width: 820px; --smush-placeholder-aspect-ratio: 820\/1024;\" \/><\/figure>\n<\/figure>\n\n\n\n<figure class=\"wp-block-gallery has-nested-images columns-default is-cropped wp-block-gallery-2 is-layout-flex wp-block-gallery-is-layout-flex\">\n<figure class=\"wp-block-image size-large\"><img decoding=\"async\" width=\"769\" height=\"1024\" data-id=\"477\" data-src=\"https:\/\/jesusalmanza.com\/wp-content\/uploads\/2025\/10\/photo_1_2026-02-24_12-27-27-769x1024.webp\" alt=\"\" class=\"wp-image-477 lazyload\" data-srcset=\"https:\/\/jesusalmanza.com\/wp-content\/uploads\/2025\/10\/photo_1_2026-02-24_12-27-27-769x1024.webp 769w, https:\/\/jesusalmanza.com\/wp-content\/uploads\/2025\/10\/photo_1_2026-02-24_12-27-27-225x300.webp 225w, https:\/\/jesusalmanza.com\/wp-content\/uploads\/2025\/10\/photo_1_2026-02-24_12-27-27-768x1023.webp 768w, https:\/\/jesusalmanza.com\/wp-content\/uploads\/2025\/10\/photo_1_2026-02-24_12-27-27-9x12.webp 9w, https:\/\/jesusalmanza.com\/wp-content\/uploads\/2025\/10\/photo_1_2026-02-24_12-27-27-scaled.webp 601w\" data-sizes=\"(max-width: 769px) 100vw, 769px\" src=\"data:image\/svg+xml;base64,PHN2ZyB3aWR0aD0iMSIgaGVpZ2h0PSIxIiB4bWxucz0iaHR0cDovL3d3dy53My5vcmcvMjAwMC9zdmciPjwvc3ZnPg==\" style=\"--smush-placeholder-width: 769px; --smush-placeholder-aspect-ratio: 769\/1024;\" \/><\/figure>\n\n\n\n<figure class=\"wp-block-image size-large\"><img decoding=\"async\" width=\"819\" height=\"1024\" data-id=\"480\" data-src=\"https:\/\/jesusalmanza.com\/wp-content\/uploads\/2025\/10\/photo_2_2026-02-24_12-27-27-819x1024.webp\" alt=\"\" class=\"wp-image-480 lazyload\" data-srcset=\"https:\/\/jesusalmanza.com\/wp-content\/uploads\/2025\/10\/photo_2_2026-02-24_12-27-27-819x1024.webp 819w, https:\/\/jesusalmanza.com\/wp-content\/uploads\/2025\/10\/photo_2_2026-02-24_12-27-27-240x300.webp 240w, https:\/\/jesusalmanza.com\/wp-content\/uploads\/2025\/10\/photo_2_2026-02-24_12-27-27-768x960.webp 768w, https:\/\/jesusalmanza.com\/wp-content\/uploads\/2025\/10\/photo_2_2026-02-24_12-27-27-10x12.webp 10w, https:\/\/jesusalmanza.com\/wp-content\/uploads\/2025\/10\/photo_2_2026-02-24_12-27-27-scaled.webp 640w\" data-sizes=\"(max-width: 819px) 100vw, 819px\" src=\"data:image\/svg+xml;base64,PHN2ZyB3aWR0aD0iMSIgaGVpZ2h0PSIxIiB4bWxucz0iaHR0cDovL3d3dy53My5vcmcvMjAwMC9zdmciPjwvc3ZnPg==\" style=\"--smush-placeholder-width: 819px; --smush-placeholder-aspect-ratio: 819\/1024;\" \/><\/figure>\n\n\n\n<figure class=\"wp-block-image size-large\"><img decoding=\"async\" width=\"768\" height=\"1024\" data-id=\"478\" data-src=\"https:\/\/jesusalmanza.com\/wp-content\/uploads\/2025\/10\/photo_3_2026-02-24_12-27-27-768x1024.webp\" alt=\"\" class=\"wp-image-478 lazyload\" data-srcset=\"https:\/\/jesusalmanza.com\/wp-content\/uploads\/2025\/10\/photo_3_2026-02-24_12-27-27-768x1024.webp 768w, https:\/\/jesusalmanza.com\/wp-content\/uploads\/2025\/10\/photo_3_2026-02-24_12-27-27-225x300.webp 225w, https:\/\/jesusalmanza.com\/wp-content\/uploads\/2025\/10\/photo_3_2026-02-24_12-27-27-9x12.webp 9w, https:\/\/jesusalmanza.com\/wp-content\/uploads\/2025\/10\/photo_3_2026-02-24_12-27-27-scaled.webp 600w\" data-sizes=\"(max-width: 768px) 100vw, 768px\" src=\"data:image\/svg+xml;base64,PHN2ZyB3aWR0aD0iMSIgaGVpZ2h0PSIxIiB4bWxucz0iaHR0cDovL3d3dy53My5vcmcvMjAwMC9zdmciPjwvc3ZnPg==\" style=\"--smush-placeholder-width: 768px; --smush-placeholder-aspect-ratio: 768\/1024;\" \/><\/figure>\n\n\n\n<figure class=\"wp-block-image size-large\"><img decoding=\"async\" width=\"769\" height=\"1024\" data-id=\"476\" data-src=\"https:\/\/jesusalmanza.com\/wp-content\/uploads\/2025\/10\/photo_4_2026-02-24_12-27-27-769x1024.webp\" alt=\"\" class=\"wp-image-476 lazyload\" data-srcset=\"https:\/\/jesusalmanza.com\/wp-content\/uploads\/2025\/10\/photo_4_2026-02-24_12-27-27-769x1024.webp 769w, https:\/\/jesusalmanza.com\/wp-content\/uploads\/2025\/10\/photo_4_2026-02-24_12-27-27-225x300.webp 225w, https:\/\/jesusalmanza.com\/wp-content\/uploads\/2025\/10\/photo_4_2026-02-24_12-27-27-768x1023.webp 768w, https:\/\/jesusalmanza.com\/wp-content\/uploads\/2025\/10\/photo_4_2026-02-24_12-27-27-9x12.webp 9w, https:\/\/jesusalmanza.com\/wp-content\/uploads\/2025\/10\/photo_4_2026-02-24_12-27-27-scaled.webp 601w\" data-sizes=\"(max-width: 769px) 100vw, 769px\" src=\"data:image\/svg+xml;base64,PHN2ZyB3aWR0aD0iMSIgaGVpZ2h0PSIxIiB4bWxucz0iaHR0cDovL3d3dy53My5vcmcvMjAwMC9zdmciPjwvc3ZnPg==\" style=\"--smush-placeholder-width: 769px; --smush-placeholder-aspect-ratio: 769\/1024;\" \/><\/figure>\n\n\n\n<figure class=\"wp-block-image size-large\"><img decoding=\"async\" width=\"768\" height=\"1024\" data-id=\"479\" data-src=\"https:\/\/jesusalmanza.com\/wp-content\/uploads\/2025\/10\/photo_5_2026-02-24_12-27-27-768x1024.webp\" alt=\"\" class=\"wp-image-479 lazyload\" data-srcset=\"https:\/\/jesusalmanza.com\/wp-content\/uploads\/2025\/10\/photo_5_2026-02-24_12-27-27-768x1024.webp 768w, https:\/\/jesusalmanza.com\/wp-content\/uploads\/2025\/10\/photo_5_2026-02-24_12-27-27-225x300.webp 225w, https:\/\/jesusalmanza.com\/wp-content\/uploads\/2025\/10\/photo_5_2026-02-24_12-27-27-9x12.webp 9w, https:\/\/jesusalmanza.com\/wp-content\/uploads\/2025\/10\/photo_5_2026-02-24_12-27-27-scaled.webp 600w\" data-sizes=\"(max-width: 768px) 100vw, 768px\" src=\"data:image\/svg+xml;base64,PHN2ZyB3aWR0aD0iMSIgaGVpZ2h0PSIxIiB4bWxucz0iaHR0cDovL3d3dy53My5vcmcvMjAwMC9zdmciPjwvc3ZnPg==\" style=\"--smush-placeholder-width: 768px; --smush-placeholder-aspect-ratio: 768\/1024;\" \/><\/figure>\n\n\n\n<figure class=\"wp-block-image size-large\"><img decoding=\"async\" width=\"819\" height=\"1024\" data-id=\"481\" data-src=\"https:\/\/jesusalmanza.com\/wp-content\/uploads\/2025\/10\/photo_6_2026-02-24_12-27-27-819x1024.webp\" alt=\"\" class=\"wp-image-481 lazyload\" data-srcset=\"https:\/\/jesusalmanza.com\/wp-content\/uploads\/2025\/10\/photo_6_2026-02-24_12-27-27-819x1024.webp 819w, https:\/\/jesusalmanza.com\/wp-content\/uploads\/2025\/10\/photo_6_2026-02-24_12-27-27-240x300.webp 240w, https:\/\/jesusalmanza.com\/wp-content\/uploads\/2025\/10\/photo_6_2026-02-24_12-27-27-768x960.webp 768w, https:\/\/jesusalmanza.com\/wp-content\/uploads\/2025\/10\/photo_6_2026-02-24_12-27-27-10x12.webp 10w, https:\/\/jesusalmanza.com\/wp-content\/uploads\/2025\/10\/photo_6_2026-02-24_12-27-27-scaled.webp 640w\" data-sizes=\"(max-width: 819px) 100vw, 819px\" src=\"data:image\/svg+xml;base64,PHN2ZyB3aWR0aD0iMSIgaGVpZ2h0PSIxIiB4bWxucz0iaHR0cDovL3d3dy53My5vcmcvMjAwMC9zdmciPjwvc3ZnPg==\" style=\"--smush-placeholder-width: 819px; --smush-placeholder-aspect-ratio: 819\/1024;\" \/><\/figure>\n<\/figure>","protected":false},"excerpt":{"rendered":"<p>Recepci\u00f3n ofrecida por The Katherine Reynolds Foundation en honor a Su Majestad el Rey de Bahr\u00e9in , Hamad bin Isa Al Khalifa, evento que reuni\u00f3 a Jefes de Estado del Golfo y pa\u00edses miembros del Board of Peace, en una noche de di\u00e1logo y compromiso con la cooperaci\u00f3n internacional. Durante el encuentro estuvieron presentes altas [&hellip;]<\/p>\n","protected":false},"author":1,"featured_media":468,"comment_status":"closed","ping_status":"closed","sticky":false,"template":"","format":"standard","meta":{"footnotes":""},"categories":[17],"tags":[],"class_list":["post-221","post","type-post","status-publish","format-standard","has-post-thumbnail","hentry","category-jefes-de-estado"],"yoast_head":"<!-- This site is optimized with the Yoast SEO plugin v28.2 - https:\/\/yoast.com\/product\/yoast-seo-wordpress\/ -->\n<title>Rey de Bahr\u00e9in , Hamad bin Isa Al Khalifa - Jes\u00fas Almanza<\/title>\n<meta name=\"robots\" content=\"index, follow, max-snippet:-1, max-image-preview:large, max-video-preview:-1\" \/>\n<link rel=\"canonical\" href=\"https:\/\/jesusalmanza.com\/en\/rey-de-bahrein-hamad-bin-isa-al-khalifa\/\" \/>\n<meta property=\"og:locale\" content=\"en_US\" \/>\n<meta property=\"og:type\" content=\"article\" \/>\n<meta property=\"og:title\" content=\"Rey de Bahr\u00e9in , Hamad bin Isa Al Khalifa - Jes\u00fas Almanza\" \/>\n<meta property=\"og:description\" content=\"Recepci\u00f3n ofrecida por The Katherine Reynolds Foundation en honor a Su Majestad el Rey de Bahr\u00e9in , Hamad bin Isa Al Khalifa, evento que reuni\u00f3 a Jefes de Estado del Golfo y pa\u00edses miembros del Board of Peace, en una noche de di\u00e1logo y compromiso con la cooperaci\u00f3n internacional. Durante el encuentro estuvieron presentes altas [&hellip;]\" \/>\n<meta property=\"og:url\" content=\"https:\/\/jesusalmanza.com\/en\/rey-de-bahrein-hamad-bin-isa-al-khalifa\/\" \/>\n<meta property=\"og:site_name\" content=\"Jes\u00fas Almanza\" \/>\n<meta property=\"article:published_time\" content=\"2025-10-18T13:32:53+00:00\" \/>\n<meta property=\"article:modified_time\" content=\"2026-02-24T21:38:43+00:00\" \/>\n<meta property=\"og:image\" content=\"https:\/\/jesusalmanza.com\/wp-content\/uploads\/2025\/10\/photo_5_2026-02-24_12-15-19-scaled.webp\" \/>\n\t<meta property=\"og:image:width\" content=\"600\" \/>\n\t<meta property=\"og:image:height\" content=\"800\" \/>\n\t<meta property=\"og:image:type\" content=\"image\/webp\" \/>\n<meta name=\"author\" content=\"weego\" \/>\n<meta name=\"twitter:card\" content=\"summary_large_image\" \/>\n<meta name=\"twitter:label1\" content=\"Written by\" \/>\n\t<meta name=\"twitter:data1\" content=\"weego\" \/>\n\t<meta name=\"twitter:label2\" content=\"Est. reading time\" \/>\n\t<meta name=\"twitter:data2\" content=\"4 minutes\" \/>\n<script type=\"application\/ld+json\" class=\"yoast-schema-graph\">{\"@context\":\"https:\\\/\\\/schema.org\",\"@graph\":[{\"@type\":\"Article\",\"@id\":\"https:\\\/\\\/jesusalmanza.com\\\/rey-de-bahrein-hamad-bin-isa-al-khalifa\\\/#article\",\"isPartOf\":{\"@id\":\"https:\\\/\\\/jesusalmanza.com\\\/rey-de-bahrein-hamad-bin-isa-al-khalifa\\\/\"},\"author\":{\"name\":\"weego\",\"@id\":\"https:\\\/\\\/jesusalmanza.com\\\/#\\\/schema\\\/person\\\/f861deb1bd712e7c1ff44e3cc9e0120e\"},\"headline\":\"Rey de Bahr\u00e9in , Hamad bin Isa Al Khalifa\",\"datePublished\":\"2025-10-18T13:32:53+00:00\",\"dateModified\":\"2026-02-24T21:38:43+00:00\",\"mainEntityOfPage\":{\"@id\":\"https:\\\/\\\/jesusalmanza.com\\\/rey-de-bahrein-hamad-bin-isa-al-khalifa\\\/\"},\"wordCount\":154,\"publisher\":{\"@id\":\"https:\\\/\\\/jesusalmanza.com\\\/#organization\"},\"image\":{\"@id\":\"https:\\\/\\\/jesusalmanza.com\\\/rey-de-bahrein-hamad-bin-isa-al-khalifa\\\/#primaryimage\"},\"thumbnailUrl\":\"https:\\\/\\\/jesusalmanza.com\\\/wp-content\\\/uploads\\\/2025\\\/10\\\/photo_5_2026-02-24_12-15-19-scaled.webp\",\"articleSection\":[\"Jefes de Estado\"],\"inLanguage\":\"en-US\"},{\"@type\":\"WebPage\",\"@id\":\"https:\\\/\\\/jesusalmanza.com\\\/rey-de-bahrein-hamad-bin-isa-al-khalifa\\\/\",\"url\":\"https:\\\/\\\/jesusalmanza.com\\\/rey-de-bahrein-hamad-bin-isa-al-khalifa\\\/\",\"name\":\"Rey de Bahr\u00e9in , Hamad bin Isa Al Khalifa - Jes\u00fas Almanza\",\"isPartOf\":{\"@id\":\"https:\\\/\\\/jesusalmanza.com\\\/#website\"},\"primaryImageOfPage\":{\"@id\":\"https:\\\/\\\/jesusalmanza.com\\\/rey-de-bahrein-hamad-bin-isa-al-khalifa\\\/#primaryimage\"},\"image\":{\"@id\":\"https:\\\/\\\/jesusalmanza.com\\\/rey-de-bahrein-hamad-bin-isa-al-khalifa\\\/#primaryimage\"},\"thumbnailUrl\":\"https:\\\/\\\/jesusalmanza.com\\\/wp-content\\\/uploads\\\/2025\\\/10\\\/photo_5_2026-02-24_12-15-19-scaled.webp\",\"datePublished\":\"2025-10-18T13:32:53+00:00\",\"dateModified\":\"2026-02-24T21:38:43+00:00\",\"breadcrumb\":{\"@id\":\"https:\\\/\\\/jesusalmanza.com\\\/rey-de-bahrein-hamad-bin-isa-al-khalifa\\\/#breadcrumb\"},\"inLanguage\":\"en-US\",\"potentialAction\":[{\"@type\":\"ReadAction\",\"target\":[\"https:\\\/\\\/jesusalmanza.com\\\/rey-de-bahrein-hamad-bin-isa-al-khalifa\\\/\"]}]},{\"@type\":\"ImageObject\",\"inLanguage\":\"en-US\",\"@id\":\"https:\\\/\\\/jesusalmanza.com\\\/rey-de-bahrein-hamad-bin-isa-al-khalifa\\\/#primaryimage\",\"url\":\"https:\\\/\\\/jesusalmanza.com\\\/wp-content\\\/uploads\\\/2025\\\/10\\\/photo_5_2026-02-24_12-15-19-scaled.webp\",\"contentUrl\":\"https:\\\/\\\/jesusalmanza.com\\\/wp-content\\\/uploads\\\/2025\\\/10\\\/photo_5_2026-02-24_12-15-19-scaled.webp\",\"width\":600,\"height\":800},{\"@type\":\"BreadcrumbList\",\"@id\":\"https:\\\/\\\/jesusalmanza.com\\\/rey-de-bahrein-hamad-bin-isa-al-khalifa\\\/#breadcrumb\",\"itemListElement\":[{\"@type\":\"ListItem\",\"position\":1,\"name\":\"Portada\",\"item\":\"https:\\\/\\\/jesusalmanza.com\\\/\"},{\"@type\":\"ListItem\",\"position\":2,\"name\":\"Rey de Bahr\u00e9in , Hamad bin Isa Al Khalifa\"}]},{\"@type\":\"WebSite\",\"@id\":\"https:\\\/\\\/jesusalmanza.com\\\/#website\",\"url\":\"https:\\\/\\\/jesusalmanza.com\\\/\",\"name\":\"Jes\u00fas Almanza\",\"description\":\"Fotograf\u00eda\",\"publisher\":{\"@id\":\"https:\\\/\\\/jesusalmanza.com\\\/#organization\"},\"potentialAction\":[{\"@type\":\"SearchAction\",\"target\":{\"@type\":\"EntryPoint\",\"urlTemplate\":\"https:\\\/\\\/jesusalmanza.com\\\/?s={search_term_string}\"},\"query-input\":{\"@type\":\"PropertyValueSpecification\",\"valueRequired\":true,\"valueName\":\"search_term_string\"}}],\"inLanguage\":\"en-US\"},{\"@type\":\"Organization\",\"@id\":\"https:\\\/\\\/jesusalmanza.com\\\/#organization\",\"name\":\"Jes\u00fas Almanza\",\"url\":\"https:\\\/\\\/jesusalmanza.com\\\/\",\"logo\":{\"@type\":\"ImageObject\",\"inLanguage\":\"en-US\",\"@id\":\"https:\\\/\\\/jesusalmanza.com\\\/#\\\/schema\\\/logo\\\/image\\\/\",\"url\":\"https:\\\/\\\/jesusalmanza.com\\\/wp-content\\\/uploads\\\/2025\\\/10\\\/JesusA_logo.webp\",\"contentUrl\":\"https:\\\/\\\/jesusalmanza.com\\\/wp-content\\\/uploads\\\/2025\\\/10\\\/JesusA_logo.webp\",\"width\":400,\"height\":63,\"caption\":\"Jes\u00fas Almanza\"},\"image\":{\"@id\":\"https:\\\/\\\/jesusalmanza.com\\\/#\\\/schema\\\/logo\\\/image\\\/\"}},{\"@type\":\"Person\",\"@id\":\"https:\\\/\\\/jesusalmanza.com\\\/#\\\/schema\\\/person\\\/f861deb1bd712e7c1ff44e3cc9e0120e\",\"name\":\"weego\",\"sameAs\":[\"https:\\\/\\\/jesusalmanza.com\"],\"url\":\"https:\\\/\\\/jesusalmanza.com\\\/en\\\/author\\\/weego\\\/\"}]}<\/script>\n<!-- \/ Yoast SEO plugin. -->","yoast_head_json":{"title":"Rey de Bahr\u00e9in , Hamad bin Isa Al Khalifa - Jes\u00fas Almanza","robots":{"index":"index","follow":"follow","max-snippet":"max-snippet:-1","max-image-preview":"max-image-preview:large","max-video-preview":"max-video-preview:-1"},"canonical":"https:\/\/jesusalmanza.com\/en\/rey-de-bahrein-hamad-bin-isa-al-khalifa\/","og_locale":"en_US","og_type":"article","og_title":"Rey de Bahr\u00e9in , Hamad bin Isa Al Khalifa - Jes\u00fas Almanza","og_description":"Recepci\u00f3n ofrecida por The Katherine Reynolds Foundation en honor a Su Majestad el Rey de Bahr\u00e9in , Hamad bin Isa Al Khalifa, evento que reuni\u00f3 a Jefes de Estado del Golfo y pa\u00edses miembros del Board of Peace, en una noche de di\u00e1logo y compromiso con la cooperaci\u00f3n internacional. Durante el encuentro estuvieron presentes altas [&hellip;]","og_url":"https:\/\/jesusalmanza.com\/en\/rey-de-bahrein-hamad-bin-isa-al-khalifa\/","og_site_name":"Jes\u00fas Almanza","article_published_time":"2025-10-18T13:32:53+00:00","article_modified_time":"2026-02-24T21:38:43+00:00","og_image":[{"width":600,"height":800,"url":"https:\/\/jesusalmanza.com\/wp-content\/uploads\/2025\/10\/photo_5_2026-02-24_12-15-19-scaled.webp","type":"image\/webp"}],"author":"weego","twitter_card":"summary_large_image","twitter_misc":{"Written by":"weego","Est. reading time":"4 minutes"},"schema":{"@context":"https:\/\/schema.org","@graph":[{"@type":"Article","@id":"https:\/\/jesusalmanza.com\/rey-de-bahrein-hamad-bin-isa-al-khalifa\/#article","isPartOf":{"@id":"https:\/\/jesusalmanza.com\/rey-de-bahrein-hamad-bin-isa-al-khalifa\/"},"author":{"name":"weego","@id":"https:\/\/jesusalmanza.com\/#\/schema\/person\/f861deb1bd712e7c1ff44e3cc9e0120e"},"headline":"Rey de Bahr\u00e9in , Hamad bin Isa Al Khalifa","datePublished":"2025-10-18T13:32:53+00:00","dateModified":"2026-02-24T21:38:43+00:00","mainEntityOfPage":{"@id":"https:\/\/jesusalmanza.com\/rey-de-bahrein-hamad-bin-isa-al-khalifa\/"},"wordCount":154,"publisher":{"@id":"https:\/\/jesusalmanza.com\/#organization"},"image":{"@id":"https:\/\/jesusalmanza.com\/rey-de-bahrein-hamad-bin-isa-al-khalifa\/#primaryimage"},"thumbnailUrl":"https:\/\/jesusalmanza.com\/wp-content\/uploads\/2025\/10\/photo_5_2026-02-24_12-15-19-scaled.webp","articleSection":["Jefes de Estado"],"inLanguage":"en-US"},{"@type":"WebPage","@id":"https:\/\/jesusalmanza.com\/rey-de-bahrein-hamad-bin-isa-al-khalifa\/","url":"https:\/\/jesusalmanza.com\/rey-de-bahrein-hamad-bin-isa-al-khalifa\/","name":"Rey de Bahr\u00e9in , Hamad bin Isa Al Khalifa - Jes\u00fas Almanza","isPartOf":{"@id":"https:\/\/jesusalmanza.com\/#website"},"primaryImageOfPage":{"@id":"https:\/\/jesusalmanza.com\/rey-de-bahrein-hamad-bin-isa-al-khalifa\/#primaryimage"},"image":{"@id":"https:\/\/jesusalmanza.com\/rey-de-bahrein-hamad-bin-isa-al-khalifa\/#primaryimage"},"thumbnailUrl":"https:\/\/jesusalmanza.com\/wp-content\/uploads\/2025\/10\/photo_5_2026-02-24_12-15-19-scaled.webp","datePublished":"2025-10-18T13:32:53+00:00","dateModified":"2026-02-24T21:38:43+00:00","breadcrumb":{"@id":"https:\/\/jesusalmanza.com\/rey-de-bahrein-hamad-bin-isa-al-khalifa\/#breadcrumb"},"inLanguage":"en-US","potentialAction":[{"@type":"ReadAction","target":["https:\/\/jesusalmanza.com\/rey-de-bahrein-hamad-bin-isa-al-khalifa\/"]}]},{"@type":"ImageObject","inLanguage":"en-US","@id":"https:\/\/jesusalmanza.com\/rey-de-bahrein-hamad-bin-isa-al-khalifa\/#primaryimage","url":"https:\/\/jesusalmanza.com\/wp-content\/uploads\/2025\/10\/photo_5_2026-02-24_12-15-19-scaled.webp","contentUrl":"https:\/\/jesusalmanza.com\/wp-content\/uploads\/2025\/10\/photo_5_2026-02-24_12-15-19-scaled.webp","width":600,"height":800},{"@type":"BreadcrumbList","@id":"https:\/\/jesusalmanza.com\/rey-de-bahrein-hamad-bin-isa-al-khalifa\/#breadcrumb","itemListElement":[{"@type":"ListItem","position":1,"name":"Portada","item":"https:\/\/jesusalmanza.com\/"},{"@type":"ListItem","position":2,"name":"Rey de Bahr\u00e9in , Hamad bin Isa Al Khalifa"}]},{"@type":"WebSite","@id":"https:\/\/jesusalmanza.com\/#website","url":"https:\/\/jesusalmanza.com\/","name":"Jesus Almanza","description":"Photography","publisher":{"@id":"https:\/\/jesusalmanza.com\/#organization"},"potentialAction":[{"@type":"SearchAction","target":{"@type":"EntryPoint","urlTemplate":"https:\/\/jesusalmanza.com\/?s={search_term_string}"},"query-input":{"@type":"PropertyValueSpecification","valueRequired":true,"valueName":"search_term_string"}}],"inLanguage":"en-US"},{"@type":"Organization","@id":"https:\/\/jesusalmanza.com\/#organization","name":"Jesus Almanza","url":"https:\/\/jesusalmanza.com\/","logo":{"@type":"ImageObject","inLanguage":"en-US","@id":"https:\/\/jesusalmanza.com\/#\/schema\/logo\/image\/","url":"https:\/\/jesusalmanza.com\/wp-content\/uploads\/2025\/10\/JesusA_logo.webp","contentUrl":"https:\/\/jesusalmanza.com\/wp-content\/uploads\/2025\/10\/JesusA_logo.webp","width":400,"height":63,"caption":"Jes\u00fas Almanza"},"image":{"@id":"https:\/\/jesusalmanza.com\/#\/schema\/logo\/image\/"}},{"@type":"Person","@id":"https:\/\/jesusalmanza.com\/#\/schema\/person\/f861deb1bd712e7c1ff44e3cc9e0120e","name":"weego","sameAs":["https:\/\/jesusalmanza.com"],"url":"https:\/\/jesusalmanza.com\/en\/author\/weego\/"}]}},"_links":{"self":[{"href":"https:\/\/jesusalmanza.com\/en\/wp-json\/wp\/v2\/posts\/221","targetHints":{"allow":["GET"]}}],"collection":[{"href":"https:\/\/jesusalmanza.com\/en\/wp-json\/wp\/v2\/posts"}],"about":[{"href":"https:\/\/jesusalmanza.com\/en\/wp-json\/wp\/v2\/types\/post"}],"author":[{"embeddable":true,"href":"https:\/\/jesusalmanza.com\/en\/wp-json\/wp\/v2\/users\/1"}],"replies":[{"embeddable":true,"href":"https:\/\/jesusalmanza.com\/en\/wp-json\/wp\/v2\/comments?post=221"}],"version-history":[{"count":4,"href":"https:\/\/jesusalmanza.com\/en\/wp-json\/wp\/v2\/posts\/221\/revisions"}],"predecessor-version":[{"id":483,"href":"https:\/\/jesusalmanza.com\/en\/wp-json\/wp\/v2\/posts\/221\/revisions\/483"}],"wp:featuredmedia":[{"embeddable":true,"href":"https:\/\/jesusalmanza.com\/en\/wp-json\/wp\/v2\/media\/468"}],"wp:attachment":[{"href":"https:\/\/jesusalmanza.com\/en\/wp-json\/wp\/v2\/media?parent=221"}],"wp:term":[{"taxonomy":"category","embeddable":true,"href":"https:\/\/jesusalmanza.com\/en\/wp-json\/wp\/v2\/categories?post=221"},{"taxonomy":"post_tag","embeddable":true,"href":"https:\/\/jesusalmanza.com\/en\/wp-json\/wp\/v2\/tags?post=221"}],"curies":[{"name":"wp","href":"https:\/\/api.w.org\/{rel}","templated":true}]}}